{"id":1621,"date":"2026-04-21T07:27:07","date_gmt":"2026-04-21T05:27:07","guid":{"rendered":"https:\/\/infoshqip.al\/?p=1621"},"modified":"2026-04-21T07:27:08","modified_gmt":"2026-04-21T05:27:08","slug":"zyrtari-i-larte-i-trustit-tregon-origjinen-e-140-milione-euro-te-deklaruara","status":"publish","type":"post","link":"https:\/\/infoshqip.al\/zyrtari-i-larte-i-trustit-tregon-origjinen-e-140-milione-euro-te-deklaruara\/","title":{"rendered":"Zyrtari i lart\u00eb i Trustit tregon origjinen e 140 milion\u00eb euro t\u00eb deklaruara"},"content":{"rendered":"<div><p><img loading=\"lazy\" width=\"750\" height=\"375\" src=\"https:\/\/ class=\" alt=\"Class=\" decoding=\"async\" loading=\"lazy\" srcset=\"https:\/\/ 750w, https:\/\/ 600w, https:\/\/ 184w\" sizes=\"auto, (max-width: 750px) 100vw, 750px\" title=\"Zyrtari i lart\u00eb i Trustit tregon origjinen e 140 milion\u00eb euro t\u00eb deklaruara\"><\/p>\n<p>Emanuel Bajra, kryesuesi i Bordit t\u00eb Trustit t\u00eb Kursimeve Pensionale t\u00eb Kosov\u00ebs p\u00ebrmes nj\u00eb postimi ka qart\u00ebsuar opinionin publik mbi deklarimin e pasuris\u00eb s\u00eb tij.<\/p>\n \n<p>Bajraj ka shkruar se brenda afateve t\u00eb parapara me ligj, p\u00ebr t\u00eb tretin vit radhazi, ka b\u00ebr\u00eb deklarimin e tij t\u00eb pasuris\u00eb.<ins><\/ins><\/p>\n \n<p>Ai shkruna se deklarimi i pasuris\u00eb nuk \u00ebsht\u00eb vet\u00ebm nj\u00eb obligim formal, por nj\u00eb akt i drejtp\u00ebrdrejt\u00eb transparence dhe respekti ndaj publikut.<\/p>\n \n<p>\u201cE kuptoj shum\u00eb mir\u00eb q\u00eb n\u00eb shoq\u00ebrin\u00eb ton\u00eb ekziston nj\u00eb ndjeshm\u00ebri e lart\u00eb kur b\u00ebhet fjal\u00eb p\u00ebr pasurin\u00eb dhe rolet publike. Kjo ndjeshm\u00ebri ka edhe historin\u00eb e vet, sepse n\u00eb t\u00eb kaluar\u00ebn ka pasur raste ndoshta, kur \u00ebsht\u00eb abuzuar me paran\u00eb publike dhe individ\u00eb t\u00eb caktuar ndoshta kan\u00eb p\u00ebrfituar padrejt\u00ebsisht. Por pik\u00ebrisht k\u00ebtu duhet t\u00eb m\u00ebsohemi si shoq\u00ebri t\u00eb ndajm\u00eb gj\u00ebrat dhe t\u00eb mos i p\u00ebrziejm\u00eb t\u00eb gjith\u00eb n\u00eb t\u00eb nj\u00ebjtin kall\u00ebp\u201d, ka shkruar Bajra.<\/p>\n \n<p><strong>Postimi i plot\u00eb:<\/strong><\/p>\n \n<p>Qart\u00ebsim publik mbi deklarimin e pasuris\u00eb dhe angazhimin tim.<\/p>\n \n<p>Brenda afateve t\u00eb parapara me ligj, p\u00ebr t\u00eb tretin vit radhazi, kam b\u00ebr\u00eb deklarimin tim t\u00eb pasuris\u00eb. P\u00ebr mua kjo nuk \u00ebsht\u00eb vet\u00ebm nj\u00eb obligim formal, por nj\u00eb akt i drejtp\u00ebrdrejt\u00eb transparence dhe respekti ndaj publikut.<\/p>\n \n<p>E kuptoj shum\u00eb mir\u00eb q\u00eb n\u00eb shoq\u00ebrin\u00eb ton\u00eb ekziston nj\u00eb ndjeshm\u00ebri e lart\u00eb kur b\u00ebhet fjal\u00eb p\u00ebr pasurin\u00eb dhe rolet publike. Kjo ndjeshm\u00ebri ka edhe historin\u00eb e vet, sepse n\u00eb t\u00eb kaluar\u00ebn ka pasur raste ndoshta, kur \u00ebsht\u00eb abuzuar me paran\u00eb publike dhe individ\u00eb t\u00eb caktuar ndoshta kan\u00eb p\u00ebrfituar padrejt\u00ebsisht. Por pik\u00ebrisht k\u00ebtu duhet t\u00eb m\u00ebsohemi si shoq\u00ebri t\u00eb ndajm\u00eb gj\u00ebrat dhe t\u00eb mos i p\u00ebrziejm\u00eb t\u00eb gjith\u00eb n\u00eb t\u00eb nj\u00ebjtin kall\u00ebp.<\/p>\n \n<p>Un\u00eb nuk kam qen\u00eb dhe nuk jam pjes\u00eb e asnj\u00eb praktike t\u00eb till\u00eb. Nuk kam p\u00ebrfituar dhe nuk do t\u00eb p\u00ebrfitoj kurr\u00eb nga paraja publike. Kjo do t\u00eb ishte n\u00eb kund\u00ebrshtim t\u00eb plot\u00eb me vlerat e mia personale, me integritetin profesional q\u00eb kam nd\u00ebrtuar nd\u00ebr vite dhe me ndjenj\u00ebn e thell\u00eb patriotike q\u00eb m\u00eb ka udh\u00ebhequr n\u00eb \u00e7do vendim. Mund t\u00eb ting\u00eblloj\u00eb si klishe p\u00ebr disa, por p\u00ebr mua \u00ebsht\u00eb realitet i padiskutuesh\u00ebm.<\/p>\n \n<p>Dua t\u00eb jem shum\u00eb i qart\u00eb se pasuria ime nuk ka origjin\u00eb nga Kosova. Ajo \u00ebsht\u00eb krijuar n\u00eb Mbret\u00ebrin\u00eb e Bashkuar, shum\u00eb koh\u00eb p\u00ebrpara angazhimit tim n\u00eb role publike n\u00eb Kosov\u00eb. Kam vite t\u00eb t\u00ebra p\u00ebrvoj\u00eb n\u00eb tregjet financiare dhe gjith\u00e7ka q\u00eb kam \u00ebsht\u00eb e fituar me pun\u00eb, me disiplin\u00eb dhe me sakrific\u00eb. \u00c7do cent \u00ebsht\u00eb i deklaruar, i dokumentuar dhe plot\u00ebsisht legjitim.<\/p>\n \n<p>N\u00eb an\u00ebn tjet\u00ebr, Kosova p\u00ebr mua nuk \u00ebsht\u00eb vend p\u00ebr p\u00ebrfitim, por vend p\u00ebr kontribut. Ka shum\u00eb njer\u00ebz nga diaspora apo nga vende t\u00eb tjera q\u00eb vijn\u00eb me d\u00ebshir\u00ebn p\u00ebr t\u00eb dh\u00ebn\u00eb di\u00e7ka p\u00ebr vendin e tyre, jo p\u00ebr t\u00eb marr\u00eb prej tij. Kjo \u00ebsht\u00eb nj\u00eb realitet q\u00eb duhet t\u00eb pranohet dhe t\u00eb vler\u00ebsohet m\u00eb shum\u00eb.<\/p>\n \n<p>E di q\u00eb n\u00eb nj\u00eb ambient publik, shpeshher\u00eb perceptimi mund t\u00eb krijohet m\u00eb shpejt se e v\u00ebrteta. Por p\u00ebr mua \u00ebsht\u00eb e r\u00ebnd\u00ebsishme q\u00eb e v\u00ebrteta t\u00eb thuhet dhe t\u00eb mbetet e dokumentuar. Kontributet e mia, p\u00ebrfshir\u00eb edhe ato p\u00ebr Forc\u00ebn e Siguris\u00eb s\u00eb Kosov\u00ebs, e tjera, nuk jan\u00eb b\u00ebr\u00eb p\u00ebr publicitet apo p\u00ebr ndonj\u00eb interes t\u00eb fsheht\u00eb, por sepse besoj sinqerisht n\u00eb nevoj\u00ebn p\u00ebr ta forcuar shtetin ton\u00eb.<\/p>\n \n<p>Si Kryesues i Bordit t\u00eb TRUSTIT, kam kontribuar n\u00eb m\u00ebnyr\u00eb aktive q\u00eb fondi pensional i Kosov\u00ebs t\u00eb arrij\u00eb kthime t\u00eb konsiderueshme nga investimet, n\u00eb nivel qindra milion\u00eb euro. Kjo nuk \u00ebsht\u00eb nj\u00eb arritje e vog\u00ebl dhe nuk vjen rast\u00ebsisht. \u00cbsht\u00eb rezultat i pun\u00ebs profesionale, vendimeve kolegjiale t\u00eb kujdesshme dhe p\u00ebrkushtimit p\u00ebr t\u00eb mbrojtur dhe rritur kursimet e qytetar\u00ebve t\u00eb Kosov\u00ebs.<\/p>\n \n<p>Kam ndjekur me shqet\u00ebsim dhe keqardhje fushat\u00ebn e ekzagjerimeve, shpifjeve dhe lin\u00e7imeve q\u00eb jan\u00eb b\u00ebr\u00eb ndaj meje. Pretendimet se kam p\u00ebrfituar nga TRUSTI apo nga ndonj\u00eb lidhje n\u00eb Kosov\u00eb jan\u00eb t\u00eb pav\u00ebrteta dhe i mohoj n\u00eb m\u00ebnyr\u00eb t\u00eb prer\u00eb. Nuk pranoj ofendime dhe lin\u00e7ime si m\u00ebnyr\u00eb komunikimi publik. Debati \u00ebsht\u00eb i mir\u00ebseardhur, por shpifja dhe ofendimi e lin\u00e7imi nuk jan\u00eb.<\/p>\n \n<p>Dua gjithashtu t\u00eb sqaroj se q\u00ebndrimet e mia n\u00eb rrjete sociale dhe paraqitje publike jan\u00eb personale dhe nuk p\u00ebrfaq\u00ebsojn\u00eb institucionet ku un\u00eb sh\u00ebrbej. Ato bazohen n\u00eb dijet, p\u00ebrvoj\u00ebn dhe bindjet e mia, dhe nuk duhet t\u00eb ngat\u00ebrrohen me rolin tim institucional.<\/p>\n \n<p>Jam shum\u00eb transparent n\u00eb qasjen time. \u00c7do gj\u00eb q\u00eb b\u00ebj, e b\u00ebj me nj\u00eb q\u00ebllim t\u00eb vet\u00ebm, q\u00eb Kosova t\u00eb p\u00ebrfitoj\u00eb dhe t\u00eb avancoj\u00eb n\u00eb aspektin ekonomik dhe institucional. Fakti q\u00eb kam pasur fatin t\u00eb jem mir\u00eb materialisht nuk duhet t\u00eb keqp\u00ebrdoret p\u00ebr sulme personale apo interpretime t\u00eb padrejta. P\u00ebrkundrazi, duhet t\u00eb shihet n\u00eb kontekstin e kontributit q\u00eb mund t\u00eb jap p\u00ebr vendin.<\/p>\n \n<p>Besoj gjithashtu se \u00ebsht\u00eb momenti q\u00eb si shoq\u00ebri t\u00eb kalojm\u00eb nga kultura e dyshimit t\u00eb p\u00ebrhersh\u00ebm tek kultura e merit\u00ebs dhe p\u00ebrgjegj\u00ebsis\u00eb. T\u00eb k\u00ebrkojm\u00eb llogari aty ku duhet, por edhe t\u00eb njohim dhe t\u00eb vler\u00ebsojm\u00eb pun\u00ebn e ndershme kur ajo ekziston. Vet\u00ebm k\u00ebshtu nd\u00ebrtojm\u00eb institucione m\u00eb t\u00eb forta dhe nj\u00eb t\u00eb ardhme m\u00eb t\u00eb q\u00ebndrueshme p\u00ebr t\u00eb gjith\u00eb.<\/p>\n \n<p>N\u00eb fund, dua t\u00eb ndaj nj\u00eb mendim t\u00eb sinqert\u00eb personal. Un\u00eb mund t\u00eb kisha zgjedhur nj\u00eb jet\u00eb shum\u00eb m\u00eb t\u00eb qet\u00eb, duke vazhduar aktivitetin tim profesional jasht\u00eb Kosov\u00ebs, pa asnj\u00eb angazhim publik. Por kam zgjedhur t\u00eb jap kontributin tim k\u00ebtu, sepse besoj n\u00eb k\u00ebt\u00eb vend dhe n\u00eb potencialin e tij.<\/p>\n \n<p>Jam profesionist, jam transparent dhe mbi t\u00eb gjitha jam njeri q\u00eb e do vendin e vet. Dhe k\u00ebt\u00eb do t\u00eb vazhdoj ta d\u00ebshmoj me pun\u00eb, me integritet dhe me p\u00ebrkushtim.<\/p>\n \n<p>Faleminderit p\u00ebr mir\u00ebkuptimin dhe besimin tuaj.<\/p>\n<\/div>","protected":false},"excerpt":{"rendered":"<p>Emanuel Bajra, kryesuesi i Bordit t\u00eb Trustit t\u00eb Kursimeve Pensionale t\u00eb Kosov\u00ebs p\u00ebrmes nj\u00eb postimi ka qart\u00ebsuar opinionin publik mbi deklarimin e pasuris\u00eb s\u00eb tij. Bajraj ka shkruar se brenda afateve t\u00eb parapara me ligj, p\u00ebr t\u00eb tretin vit radhazi, ka b\u00ebr\u00eb deklarimin e tij t\u00eb pasuris\u00eb. Ai shkruna se deklarimi i pasuris\u00eb nuk \u00ebsht\u00eb [&hellip;]<\/p>\n","protected":false},"author":1,"featured_media":0,"comment_status":"closed","ping_status":"closed","sticky":false,"template":"","format":"standard","meta":{"footnotes":""},"categories":[2],"tags":[],"class_list":["post-1621","post","type-post","status-publish","format-standard","hentry","category-lajme"],"_links":{"self":[{"href":"https:\/\/infoshqip.al\/wp-json\/wp\/v2\/posts\/1621","targetHints":{"allow":["GET"]}}],"collection":[{"href":"https:\/\/infoshqip.al\/wp-json\/wp\/v2\/posts"}],"about":[{"href":"https:\/\/infoshqip.al\/wp-json\/wp\/v2\/types\/post"}],"author":[{"embeddable":true,"href":"https:\/\/infoshqip.al\/wp-json\/wp\/v2\/users\/1"}],"replies":[{"embeddable":true,"href":"https:\/\/infoshqip.al\/wp-json\/wp\/v2\/comments?post=1621"}],"version-history":[{"count":2,"href":"https:\/\/infoshqip.al\/wp-json\/wp\/v2\/posts\/1621\/revisions"}],"predecessor-version":[{"id":1623,"href":"https:\/\/infoshqip.al\/wp-json\/wp\/v2\/posts\/1621\/revisions\/1623"}],"wp:attachment":[{"href":"https:\/\/infoshqip.al\/wp-json\/wp\/v2\/media?parent=1621"}],"wp:term":[{"taxonomy":"category","embeddable":true,"href":"https:\/\/infoshqip.al\/wp-json\/wp\/v2\/categories?post=1621"},{"taxonomy":"post_tag","embeddable":true,"href":"https:\/\/infoshqip.al\/wp-json\/wp\/v2\/tags?post=1621"}],"curies":[{"name":"wp","href":"https:\/\/api.w.org\/{rel}","templated":true}]}}