{"id":1645,"date":"2026-04-21T08:03:09","date_gmt":"2026-04-21T06:03:09","guid":{"rendered":"https:\/\/infoshqip.al\/?p=1645"},"modified":"2026-04-21T08:03:10","modified_gmt":"2026-04-21T06:03:10","slug":"hezbollahu-paralajmeron-se-do-te-shkele-vijen-e-verdhe-te-izraelit","status":"publish","type":"post","link":"https:\/\/infoshqip.al\/hezbollahu-paralajmeron-se-do-te-shkele-vijen-e-verdhe-te-izraelit\/","title":{"rendered":"Hezbollahu paralajm\u00ebron se do t\u00eb shkel\u00eb \u2018vij\u00ebn e verdh\u00eb\u2019 t\u00eb Izraelit"},"content":{"rendered":"<div><p><img loading=\"lazy\" width=\"800\" height=\"451\" src=\"https:\/\/ class=\" alt=\"Class=\" decoding=\"async\" loading=\"lazy\" srcset=\"https:\/\/ 800w, https:\/\/ 532w, https:\/\/ 768w, https:\/\/ 184w\" sizes=\"auto, (max-width: 800px) 100vw, 800px\" title=\"Hezbollahu paralajm\u00ebron se do t\u00eb shkel\u00eb \u2018vij\u00ebn e verdh\u00eb\u2019 t\u00eb Izraelit\"><\/p>\n<p>Hezbollahu thot\u00eb se do t\u00eb shkel\u00eb vij\u00ebn e demarkacionit t\u00eb \u201cvij\u00ebs s\u00eb verdh\u00eb\u201d t\u00eb vendosur nga Izraeli n\u00eb Libanin jugor. N\u00eb nj\u00eb intervist\u00eb me Agence France-Presse, nj\u00eb nga deputet\u00ebt e tij tha se, askush nuk do t\u00eb jet\u00eb n\u00eb gjendje ta \u00e7armatos\u00eb l\u00ebvizjen shiite.<\/p>\n \n<p>\u201cNe do ta kalojm\u00eb k\u00ebt\u00eb vij\u00eb t\u00eb verdh\u00eb me rezistenc\u00eb, duke u thirrur n\u00eb t\u00eb drejt\u00ebn ton\u00eb legjitime p\u00ebr t\u00eb mbrojtur jet\u00ebn dhe vendin ton\u00eb\u201d, tha Hassan Fardala.<\/p>\n \n<p>\u201cVija e verdh\u00eb\u201d<\/p>\n \n<p>Pas fillimit t\u00eb nj\u00eb arm\u00ebpushimi 10-ditor midis Hezbollahut dhe Izraelit t\u00eb premten, ushtria izraelite tha se kishte vendosur \u201cnj\u00eb vij\u00eb t\u00eb verdh\u00eb\u201d t\u00eb demarkacionit n\u00eb Libanin jugor, si n\u00eb Rripin e Gaz\u00ebs, p\u00ebr t\u00eb mbrojtur popullin e Izraelit verior.<\/p>\n \n<p>Mediat e huaja raportojn\u00eb se, Fardala tha se Presidenti libanez Joseph Aoun duhet t\u00eb braktis\u00eb negociatat e drejtp\u00ebrdrejta me Izraelin dhe shtoi se l\u00ebvizja pro-iraniane d\u00ebshiron q\u00eb arm\u00ebpushimi t\u00eb vazhdoj\u00eb.<\/p>\n \n<p>\u201cKur ka pushtim, le t\u00eb mos flasim p\u00ebr monopolin e arm\u00ebve n\u00eb rezistenc\u00eb\u201d, reagoi Hassan Fardallah, duke mir\u00ebpritur Agjencin\u00eb France-Presse n\u00eb nd\u00ebrtes\u00ebn e parlamentit n\u00eb Bejrut. Deputeti p\u00ebrs\u00ebriti refuzimin e Hezbollahut p\u00ebr negociatat e drejtp\u00ebrdrejta midis Bejrutit dhe Izraelit, t\u00eb parat q\u00eb do t\u00eb mbahen n\u00eb dekada, n\u00ebn kujdesin e Uashingtonit.<\/p>\n \n<p>Ai paralajm\u00ebroi se Hezbollahu nuk do t\u00eb q\u00ebndroj\u00eb duarkryq p\u00ebrball\u00eb shkeljeve dhe sulmeve izraelite, duke shtuar se i takon udh\u00ebheqjes s\u00eb l\u00ebvizjes s\u00eb tij t\u00eb vendos\u00eb p\u00ebr p\u00ebrgjigjen q\u00eb do t\u2019i sh\u00ebrbej\u00eb interesit t\u00eb saj. Hezbollahu nuk do t\u00eb pranoj\u00eb asnj\u00eb marr\u00ebveshje p\u00ebr t\u00eb rivendosur situat\u00ebn q\u00eb mbizot\u00ebroi pas arm\u00ebpushimit t\u00eb vitit 2024, tha deputeti.<\/p>\n<\/div>","protected":false},"excerpt":{"rendered":"<p>Hezbollahu thot\u00eb se do t\u00eb shkel\u00eb vij\u00ebn e demarkacionit t\u00eb \u201cvij\u00ebs s\u00eb verdh\u00eb\u201d t\u00eb vendosur nga Izraeli n\u00eb Libanin jugor. N\u00eb nj\u00eb intervist\u00eb me Agence France-Presse, nj\u00eb nga deputet\u00ebt e tij tha se, askush nuk do t\u00eb jet\u00eb n\u00eb gjendje ta \u00e7armatos\u00eb l\u00ebvizjen shiite. \u201cNe do ta kalojm\u00eb k\u00ebt\u00eb vij\u00eb t\u00eb verdh\u00eb me rezistenc\u00eb, duke [&hellip;]<\/p>\n","protected":false},"author":1,"featured_media":0,"comment_status":"closed","ping_status":"closed","sticky":false,"template":"","format":"standard","meta":{"footnotes":""},"categories":[2],"tags":[],"class_list":["post-1645","post","type-post","status-publish","format-standard","hentry","category-lajme"],"_links":{"self":[{"href":"https:\/\/infoshqip.al\/wp-json\/wp\/v2\/posts\/1645","targetHints":{"allow":["GET"]}}],"collection":[{"href":"https:\/\/infoshqip.al\/wp-json\/wp\/v2\/posts"}],"about":[{"href":"https:\/\/infoshqip.al\/wp-json\/wp\/v2\/types\/post"}],"author":[{"embeddable":true,"href":"https:\/\/infoshqip.al\/wp-json\/wp\/v2\/users\/1"}],"replies":[{"embeddable":true,"href":"https:\/\/infoshqip.al\/wp-json\/wp\/v2\/comments?post=1645"}],"version-history":[{"count":2,"href":"https:\/\/infoshqip.al\/wp-json\/wp\/v2\/posts\/1645\/revisions"}],"predecessor-version":[{"id":1647,"href":"https:\/\/infoshqip.al\/wp-json\/wp\/v2\/posts\/1645\/revisions\/1647"}],"wp:attachment":[{"href":"https:\/\/infoshqip.al\/wp-json\/wp\/v2\/media?parent=1645"}],"wp:term":[{"taxonomy":"category","embeddable":true,"href":"https:\/\/infoshqip.al\/wp-json\/wp\/v2\/categories?post=1645"},{"taxonomy":"post_tag","embeddable":true,"href":"https:\/\/infoshqip.al\/wp-json\/wp\/v2\/tags?post=1645"}],"curies":[{"name":"wp","href":"https:\/\/api.w.org\/{rel}","templated":true}]}}