{"id":1648,"date":"2026-04-21T08:03:10","date_gmt":"2026-04-21T06:03:10","guid":{"rendered":"https:\/\/infoshqip.al\/?p=1648"},"modified":"2026-04-21T08:03:11","modified_gmt":"2026-04-21T06:03:11","slug":"bisedimet-shba-iran-vance-udheton-drejt-islamabadit","status":"publish","type":"post","link":"https:\/\/infoshqip.al\/bisedimet-shba-iran-vance-udheton-drejt-islamabadit\/","title":{"rendered":"Bisedimet SHBA-Iran, Vance udh\u00ebton drejt Islamabadit"},"content":{"rendered":"<div><p><img loading=\"lazy\" width=\"800\" height=\"449\" src=\"https:\/\/ class=\" alt=\"Class=\" decoding=\"async\" loading=\"lazy\" srcset=\"https:\/\/ 800w, https:\/\/ 535w, https:\/\/ 768w, https:\/\/ 184w\" sizes=\"auto, (max-width: 800px) 100vw, 800px\" title=\"Bisedimet SHBA-Iran, Vance udh\u00ebton drejt Islamabadit\"><\/p>\n<p>Z\u00ebvend\u00ebspresidenti amerikan JD Vance pritet t\u00eb udh\u00ebtoj\u00eb p\u00ebr n\u00eb Pakistan t\u00eb mart\u00ebn p\u00ebr bisedime me Iranin mbi nj\u00eb marr\u00ebveshje t\u00eb mundshme p\u00ebr t\u2019i dh\u00ebn\u00eb fund luft\u00ebs, raporton Axios duke cituar tre burime amerikane.\u00a0<\/p>\n \n<p>Sipas faqes s\u00eb internetit t\u00eb lajmeve amerikane, Vance, i cili udh\u00ebhoqi delegacionin amerikan n\u00eb raundin e par\u00eb t\u00eb bisedimeve, do t\u00eb mb\u00ebrrij\u00eb n\u00eb Islamabad si pjes\u00eb e ekipit nga Uashingtoni, me arm\u00ebpushimin dyjavor n\u00eb prag t\u00eb skadimit, shkruan Sky News.<\/p>\n \n<p>Steve Witkoff dhe Jared Kushner, t\u00eb cil\u00ebt ishin gjithashtu t\u00eb pranish\u00ebm her\u00ebn e kaluar, pritet t\u00eb udh\u00ebtojn\u00eb gjithashtu me Vince.<\/p>\n \n<p>Kryeqyteti pakistanez, Islamabad, po p\u00ebrgatitet t\u00eb pres\u00eb nj\u00eb raund t\u00eb dyt\u00eb t\u00eb mundsh\u00ebm t\u00eb bisedimeve t\u00eb paqes SHBA-Iran.\u00a0Megjithat\u00eb, mbetet e pasigurt n\u00ebse Irani do t\u00eb marr\u00eb pjes\u00eb.\u00a0<\/p>\n \n<p>Duke refuzuar m\u00eb par\u00eb nj\u00eb raund t\u00eb dyt\u00eb negociatash, Teherani tani ka th\u00ebn\u00eb se po e rishqyrton t\u00ebrheqjen e tij.\u00a0<\/p>\n \n<p>Nj\u00eb zyrtar i lart\u00eb pakistanez tha se vendi ka \u201cmarr\u00eb nj\u00eb sinjal pozitiv\u201d nga Irani n\u00eb lidhje me pjes\u00ebmarrjen n\u00eb negociata, duke shtuar se bisedimet mund t\u00eb zhvillohen brenda 48 or\u00ebve t\u00eb ardhshme.<\/p>\n<\/div>","protected":false},"excerpt":{"rendered":"<p>Z\u00ebvend\u00ebspresidenti amerikan JD Vance pritet t\u00eb udh\u00ebtoj\u00eb p\u00ebr n\u00eb Pakistan t\u00eb mart\u00ebn p\u00ebr bisedime me Iranin mbi nj\u00eb marr\u00ebveshje t\u00eb mundshme p\u00ebr t\u2019i dh\u00ebn\u00eb fund luft\u00ebs, raporton Axios duke cituar tre burime amerikane.\u00a0 Sipas faqes s\u00eb internetit t\u00eb lajmeve amerikane, Vance, i cili udh\u00ebhoqi delegacionin amerikan n\u00eb raundin e par\u00eb t\u00eb bisedimeve, do t\u00eb mb\u00ebrrij\u00eb [&hellip;]<\/p>\n","protected":false},"author":1,"featured_media":0,"comment_status":"closed","ping_status":"closed","sticky":false,"template":"","format":"standard","meta":{"footnotes":""},"categories":[2],"tags":[],"class_list":["post-1648","post","type-post","status-publish","format-standard","hentry","category-lajme"],"_links":{"self":[{"href":"https:\/\/infoshqip.al\/wp-json\/wp\/v2\/posts\/1648","targetHints":{"allow":["GET"]}}],"collection":[{"href":"https:\/\/infoshqip.al\/wp-json\/wp\/v2\/posts"}],"about":[{"href":"https:\/\/infoshqip.al\/wp-json\/wp\/v2\/types\/post"}],"author":[{"embeddable":true,"href":"https:\/\/infoshqip.al\/wp-json\/wp\/v2\/users\/1"}],"replies":[{"embeddable":true,"href":"https:\/\/infoshqip.al\/wp-json\/wp\/v2\/comments?post=1648"}],"version-history":[{"count":2,"href":"https:\/\/infoshqip.al\/wp-json\/wp\/v2\/posts\/1648\/revisions"}],"predecessor-version":[{"id":1650,"href":"https:\/\/infoshqip.al\/wp-json\/wp\/v2\/posts\/1648\/revisions\/1650"}],"wp:attachment":[{"href":"https:\/\/infoshqip.al\/wp-json\/wp\/v2\/media?parent=1648"}],"wp:term":[{"taxonomy":"category","embeddable":true,"href":"https:\/\/infoshqip.al\/wp-json\/wp\/v2\/categories?post=1648"},{"taxonomy":"post_tag","embeddable":true,"href":"https:\/\/infoshqip.al\/wp-json\/wp\/v2\/tags?post=1648"}],"curies":[{"name":"wp","href":"https:\/\/api.w.org\/{rel}","templated":true}]}}